{"id":4,"date":"2017-08-01T22:21:47","date_gmt":"2017-08-01T22:21:47","guid":{"rendered":"http:\/\/oetternbach.de\/?p=4"},"modified":"2024-08-07T14:43:29","modified_gmt":"2024-08-07T14:43:29","slug":"sollen-diese-tiere-sterben","status":"publish","type":"post","link":"http:\/\/www.oetternbach.de\/?p=4","title":{"rendered":"Sollen diese Tiere sterben?"},"content":{"rendered":"<h2 style=\"text-align: center;\"><span style=\"color: #ff0000;\"><a style=\"color: #ff0000;\" href=\"https:\/\/www.change.org\/p\/b%C3%BCrgermeister-der-stadt-detmold-rainer-heller-sch%C3%BCtzt-menschen-und-tiere-im-detmolder-westen\">Petition<\/a> <span style=\"color: #000000;\">zum Schutz des NSG Oetternbach bitte unterschreiben<span style=\"color: #ff0000;\">!<\/span><\/span><\/span><\/h2>\n<ul>\n<li style=\"text-align: left;\"><span style=\"color: #000000;\"><strong>Aktueller Stand <\/strong>der Unterschriften am 26.01.2024<\/span><span style=\"color: #ff0000;\">\u00a0<strong>1.599<\/strong><\/span><\/li>\n<li style=\"text-align: left;\"><span style=\"color: #000000;\"><strong>Link zur Petition<\/strong>, bitte Kopieren u. Weiterleiten<\/span>:\u00a0<strong><a href=\"http:\/\/chng.it\/w9QvzPsswX\">http:\/\/chng.it\/w9QvzPsswX<\/a><\/strong><\/li>\n<\/ul>\n<h5><\/h5>\n<h5><span style=\"color: #339966;\"><strong>Aktuell\u00a0<\/strong><\/span><\/h5>\n<p><strong><span style=\"color: #ff6600;\">28. September 2024 Kinder-Sponsorenlauf<\/span><\/strong><\/p>\n<p><span style=\"color: #000000;\">Die Oetternbach-Grundschule veranstaltet am Samstag einen Sponsorenlauf der Kinder. Das Aktionsb\u00fcndnis ist unterst\u00fctzend dabei. Die Kinder laufen f\u00fcr \u201eihre\u201c Schule und werden pro Runde gesponsert \u2013 von Eltern, Verwandte, Nachbarn, Firmen. Die spenden pro Runde einen vereinbarten Betrag\u00a0 \u2013 oder einen Pauschalbetrag. Am Aktionstag laufen die Kinder so viele Runden wie m\u00f6glich. Den Termin schon einmal vormerken!<\/span><\/p>\n<h2><span style=\"color: #339966;\">Dauerthema: Regionalplan OWL &#8211; Fl\u00e4chenversiegelung ohne Grenzen<\/span><\/h2>\n<p><strong>Am 16.04.2024 wurde der Regionalplan OWL mit der Ver\u00f6ffentlichung im Gesetzes- und Verordnungsblatt NRW rechtssicher. Innerhalb von zwei Monaten kann Widerspruch, innerhalb eines Jahres eine M\u00e4ngelr\u00fcge und\/oder eine Klage eingereicht werden. Der BUND hat inzwischen gegen den Landesentwicklungsplan geklagt, mit Erfolg. Das wird auch Auswirkungen auf die Regionalplanung haben. Wir bleiben dran an dem Thema.<\/strong><\/p>\n<p>Die Beschlussfassung zum Regionalplan OWL erfolgte am 31.01.2024\u00a0 in einer Sondersitzung. Stellungnahmen von Naturschutzverb\u00e4nden, B\u00fcrgerinnen und dem Aktionsb\u00fcndnis f\u00fchrten leider nicht zu Ver\u00e4nderungen im Regionalplan. Das Landesministerium f\u00fcr Wirtschaft und Industrie, die die Planungsunterlagen auf Rechtssicherheit pr\u00fcfen wurde vom Aktionsb\u00fcndnis angeschrieben. Das Ministerium antwortete schnell und erkl\u00e4rte u.a. dass die Regionalplanung ein &#8222;konfliktbeladenes Verfahren sei in dem die widerstreitenden Interessen der unterschiedlichsten \u00f6ffentlichen Belange abzuw\u00e4gen sind.&#8220; Es wird darauf verweisen, &#8222;dass die Aufstellung von Regionalpl\u00e4nen allein in der Kompetenz des regionalen Planungstr\u00e4gers liegt.&#8220; Am 16.04.2024 wurde der Regionalplan OWL mit der Ver\u00f6ffentlichung im Gesetzes- und Verordnungsblatt NRW rechtskr\u00e4ftig.<\/p>\n<p><a href=\"http:\/\/www.oetternbach.de\/wp-content\/uploads\/2017\/08\/Plakat-Regionalplan_Jerxen-Orbke-wird-plattgemacht.jpg\"><img loading=\"lazy\" class=\"alignnone wp-image-1851\" src=\"http:\/\/www.oetternbach.de\/wp-content\/uploads\/2017\/08\/Plakat-Regionalplan_Jerxen-Orbke-wird-plattgemacht-724x1024.jpg\" alt=\"\" width=\"310\" height=\"438\" srcset=\"http:\/\/www.oetternbach.de\/wp-content\/uploads\/2017\/08\/Plakat-Regionalplan_Jerxen-Orbke-wird-plattgemacht-724x1024.jpg 724w, http:\/\/www.oetternbach.de\/wp-content\/uploads\/2017\/08\/Plakat-Regionalplan_Jerxen-Orbke-wird-plattgemacht-212x300.jpg 212w, http:\/\/www.oetternbach.de\/wp-content\/uploads\/2017\/08\/Plakat-Regionalplan_Jerxen-Orbke-wird-plattgemacht-768x1086.jpg 768w, http:\/\/www.oetternbach.de\/wp-content\/uploads\/2017\/08\/Plakat-Regionalplan_Jerxen-Orbke-wird-plattgemacht-624x882.jpg 624w\" sizes=\"(max-width: 310px) 100vw, 310px\" \/><\/a><\/p>\n<p>In Nienhagen und Jerxen-Orbke sollen alle Felder (Peterskamp, Balbrede, Oetternbrede, Jerxerkamp) entlang der Lageschen Stra\u00dfe bebaut werden. Sie wurden mit rot-wei\u00dfen Flatterb\u00e4ndern entlang der Stra\u00dfen gekennzeichnet.<\/p>\n<p>Geplante Bebauung von Acker- und Naturfl\u00e4chen insgesamt bis 2040<\/p>\n<ul>\n<li>Detmold: <strong>134<\/strong> Hektar\u00a0<span style=\"font-size: 1rem;\">insgesamt<\/span><span style=\"font-size: 1rem;\">\u00a0<\/span><span style=\"font-size: 1rem;\">\u00a0(77 ha f\u00fcr Industrie\/Gewerbe, 57\u00a0 ha f\u00fcr Wohnungen)<\/span><\/li>\n<li>Kreis Lippe: <strong>522<\/strong> Hektar insgesamt (<span style=\"font-size: 1rem;\">356 ha f\u00fcr Industrie\/Gewerbe, 166 ha f\u00fcr Wohnungen)<\/span><\/li>\n<li>OWL: <strong>7.025<\/strong> Hektar insgesamt (3.812<span style=\"font-size: 1rem;\">\u00a0ha f\u00fcr Industrie\/Gewerbe, 3.213 ha f\u00fcr Wohnungen)<\/span><\/li>\n<\/ul>\n<p><span style=\"font-size: 1rem;\">Der Regionalplan legt bis zum Jahr 2040 fest, welche Fl\u00e4chen bebaut werden, mit Gewerbe und\/oder Wohnungen, wo Naturschutzgebiete sind, ob sie verkleinert oder vergr\u00f6\u00dfert werden<\/span><span style=\"font-size: 1rem;\">\u00a0<\/span><a style=\"font-size: 1rem;\" href=\"https:\/\/lippe-oekologisch.de\/extra\/regionalplan-2021\/index.html\">Karte<\/a><span style=\"font-size: 1rem;\">. Von einem notwendigen sparsamen Umgang mit Fl\u00e4chen, wie es Klimawandel und Artensterben eigentlich erzwingen, kann nicht die Rede sein.<span style=\"color: #000000;\">\u00a0<\/span><\/span><span style=\"color: #000000;\"><span style=\"font-size: 1rem;\">Bis<\/span><span style=\"font-size: 1rem;\"> zum <\/span><span style=\"font-size: 1rem;\">31.03.2021<\/span><span style=\"font-size: 1rem;\"> konnten B\u00fcrgerinnen und B\u00fcrger zum Regionalplan <\/span><span style=\"font-size: 1rem;\">Stellung nehmen. Das haben viele gemacht.<\/span><\/span><span style=\"font-size: 1rem;\"><span style=\"color: #000000;\">\u00a0<strong>D<\/strong><\/span><strong>anke daf\u00fcr!!<\/strong>\u00a0<\/span><span style=\"font-size: 1rem;\">Unten Pressemeldung zur Ausschusssitzung f\u00fcr Stadtentwicklung in Detmold vom 3.03.2021. Weitere Informationen\u00a0<\/span><span style=\"font-size: 1rem;\">und<\/span><span style=\"font-size: 1rem;\">\u00a0Links: <a href=\"http:\/\/www.oetternbach.de\/?page_id=22\">Hier<\/a>.<\/span><\/p>\n<p>Das <strong>Landesb\u00fcro der Naturschutzverb\u00e4nde NRW<\/strong> hat zum Regionalplan Stellung genommen. <a href=\"https:\/\/www.bund-lippe.de\/service\/meldungen\/detail\/news\/kritik-am-regionalplan-owl-und-lippe-entwurf-2020\/\">Hier<\/a><\/p>\n<h2>Fl\u00e4chenversiegelung hat Auswirkungen<\/h2>\n<p><strong>14.02.2024, SPD fordert Plan f\u00fcr Klimagesundheit.<\/strong> SPD im NRW-Landtag fordert konzentrierte Ma\u00dfnahmen von der Landesregierung gegen die Folgen der Klimakrise. Hintergr\u00fcnde:<\/p>\n<ul>\n<li>2022 Robert Koch-Institut: 1240 Menschen starben in NRW durch die starke Hitze.<\/li>\n<li>Juli 2021: 42 Menschen kam durch Hochwasser in NRW zu Tode.<\/li>\n<li>2021 Klimabericht NRW: 7 Millionen Menschen in NRW leben auf Siedlungsfl\u00e4chen mit schlechter thermischer Situation. Sie sind besonders bei steigenden Temperaturen gef\u00e4hrdet. Die Zahl soll 2050 auf rund 14,3 Millionen Menschen ansteigen. 2023 lebten rund 18 Millionen Menschen in NRW.<\/li>\n<\/ul>\n<p>Forderung: Die Landesregierung m\u00fcsse eine Klimagerechtigkeitsstrategie umsetzen und so daf\u00fcr sorgen, dass die F\u00f6rderung von Klimaanpassungsma\u00dfnahem nach den Belastungen der B\u00fcrger vor Ort erfolgen. (LZ, 14.02.2024, Seite 4).<\/p>\n<p><strong>Juni 2023. St\u00fcrme und \u00dcberflutungen.<\/strong>\u00a0Die Wettersch\u00e4den sind in NRW am gr\u00f6\u00dften, hei\u00dft es am 1. Juni 2023 auf Seite 5 der Lippischen Landeszeitung (&#8222;Wettersch\u00e4den in NRW am gr\u00f6\u00dften&#8220;). 2022 entstanden Versicherungssch\u00e4den in H\u00f6he von 790 Millionen Euro, 2021 waren es 5,5 Milliarden Euro u.a. durch die Flut im Ahrtal. Der Gesamtverband der Deutschen Versicherungswirtschaft (GDV) fordert Bauverbote in hochwassergef\u00e4hrdeten Gebieten sowie verbindliche Klimagef\u00e4hrdungsbeurteilungen bei Baugenehmigungen. Am Montag den 22.05.2023 kam es zu \u00dcberschwemmungen in Detmold. Der Ortsteil Kl\u00fct war besonders stark betroffen. Im Bereich D\u00fcrener Stra\u00dfe, Mittelstra\u00dfe und Aachener Stra\u00dfe liefen mehr als 50 Keller und auch einige Erdgeschosse voll Wasser. Dabei wurden \u00d6ltanks besch\u00e4digt. \u00d6l lief aus und kontaminierte die Umgebung. Auch in Jerxen-Orbke an der Kl\u00fcter Stra\u00dfe standen Keller unter Wasser und Hoffl\u00e4chen wurden \u00fcberschwemmt. Der Kreis Lippe bietet eine digitale Karte an, damit sich Anwohner informieren k\u00f6nnen: &#8222;Stark-Regenkarte des Kreises Lippe&#8220;. Diese Karte gibt es leider nicht es hei\u00dft: &#8222;Seite nicht gefunden.&#8220; Wir recherchieren dazu. Eine Ansicht bietet das Geoportal: <a href=\"https:\/\/geoportal.de\/map.html?map=tk_04-starkregengefahrenhinweise-nrw\">https:\/\/geoportal.de\/map.html?map=tk_04-starkregengefahrenhinweise-nrw<\/a><\/p>\n<h5><\/h5>\n<h5><strong style=\"color: #339966; font-size: 1rem;\">Artikel und <em>Pressemeldungen (PM)<\/em><\/strong><\/h5>\n<p>2024<\/p>\n<ul>\n<li><strong>19.04.2024<\/strong> Lippische Landeszeitung: Umwelt-Urteil d\u00fcrfte Auswirkungen haben. PM und LZ-Artikel unter Presse<\/li>\n<li><strong>8.02.2024<\/strong> Lippische Landeszeitung: Das Gewerbegebiet &#8222;Balbrede&#8220; bleibt umstritten. PM und LZ-Artikel unter Presse.<\/li>\n<li><strong>26.01.2024 <\/strong>Regionalplanbeschluss am 31.01.2024 PM und LZ-Artikel unter Presse, Fotos unter Aktuell<\/li>\n<li><strong>19.01.2024<\/strong> Lippische Landeszeitung: Aktionsb\u00fcndnis solidarisiert sich mit Landwirten.\u00a0 PM und LZ-Artikel unter Presse<\/li>\n<\/ul>\n<hr \/>\n<ul>\n<li><strong>23.03.2023<\/strong> Lippischen Wochenzeitung: <a href=\"https:\/\/lwz24.de\/2023\/03\/23\/gerald-klamer-wanderung-vortrag-zustand-lippe-waldr\/\">Gerald Klamer \u00fcber den Zustand der lippischen W\u00e4lder &#8211; Lippische Wochenzeitung LWZ24<\/a><\/li>\n<li><strong>22.03.2023<\/strong> Lippische Landeszeitung: <a href=\"https:\/\/www.lz.de\/lippe\/detmold\/23517049_Gerald-Klamer-entfacht-in-Detmold-Waldbegeisterung.html\">https:\/\/www.lz.de\/lippe\/detmold\/23517049_Gerald-Klamer-entfacht-in-Detmold-Waldbegeisterung.html<\/a><\/li>\n<li><strong>10.09.2023 <\/strong>Kiebitz Vogel des Jahres 2024 PM<\/li>\n<li><strong>17.06.2023<\/strong> Ursachensuche nach \u00dcberschwemmung in Detmold PM<\/li>\n<li><strong>4.05.2023<\/strong> Wei\u00dfst\u00f6rche in den Oetternbachauen PM<\/li>\n<li><strong>17.02.2023<\/strong> Fr\u00fcchte der Oetternbachkiste geteilt. PM<\/li>\n<li><strong>5.02.2023<\/strong> Hans-Dieter Wiesemann (NABU-Experte) wird 80. PM<\/li>\n<li><strong>26.01.2023<\/strong> Klagerecht der Umweltverb\u00e4nde gest\u00e4rkt. SZ-Artikel unter Presse Allgemein<\/li>\n<\/ul>\n<hr \/>\n<ul>\n<li><strong>14.11.2022<\/strong> Der Pinneichen-Park soll bebaut werden. Diese Pl\u00e4ne machte die Stadt Detmold im September 2021 \u00f6ffentlich. Ein privater Bautr\u00e4ger hatte bereits f\u00fcr einem Teilbereich die Genehmigung f\u00fcr eine Wohnbebauung erhalten und alte Eichen gef\u00e4llt. Viele Detmolder B\u00fcrgerinnen wehren sich gegen den Bebauungsplan 01-87 \u201ePinneichen\u201c und wollen das W\u00e4ldchen erhalten. <a href=\"http:\/\/www.oetternbach.de\/wp-admin\/post.php?post=22&amp;action=edit\">LZ-Artikel<\/a><\/li>\n<li><strong>9.10.2022<\/strong> LZ-Artikel &#8222;Aktionsb\u00fcndnis Detmold nimmt an UN-Wettbewerb teil&#8220;.\u00a0Seit 2014 setzen wir unser B\u00fcndnis f\u00fcr den Erhalt des Oetternbachs und damit f\u00fcr das Hardisser Moor als FFH-Gebiet ein.\u00a0<span style=\"font-size: 1rem;\">Unsere\u00a0<\/span><a style=\"font-size: 1rem;\" href=\"http:\/\/www.oetternbach.de\/?page_id=349\">PM\u00a0<\/a><span style=\"font-size: 1rem;\">\u00a0f\u00fchrte zu dem gek\u00fcrzten <a href=\"http:\/\/www.oetternbach.de\/?page_id=24\">LZ-Artikel<\/a>.<\/span><\/li>\n<li><strong>7.01.2022<\/strong> D\u00fcrre wird mehr und mehr zum Thema. In Lippe ist es ungew\u00f6hnlich trocken. Noch herrscht die moderate D\u00fcrre vor. An der Grenze zu Minden wird es schlimmer. Hier herrscht bereits eine extreme D\u00fcrre. <a href=\"http:\/\/www.oetternbach.de\/?page_id=342\">LZ- Artikel<\/a><\/li>\n<li><strong>6.01.2022<\/strong> Unser PM vom 12.12.2021(s.u.) wurde in Teilen von der LZ ver\u00f6ffentlicht: &#8222;Alt\u00f6l landet wieder im Gew\u00e4sser&#8220;,\u00a0<a href=\"http:\/\/www.oetternbach.de\/?page_id=24\">Artikel<\/a><\/li>\n<\/ul>\n<hr \/>\n<ul>\n<li><strong>12.12.2021<\/strong> Erneut wurde Alt\u00f6l wild entsorgt an einem Gew\u00e4sser in Jerxen-Orbke gefunden und erneut Strafanzeige gestellt. s. <a href=\"http:\/\/www.oetternbach.de\/?page_id=24\">LZ-Artikel<\/a> vom 6.12.2021 und unsere <a href=\"http:\/\/www.oetternbach.de\/wp-content\/uploads\/2017\/08\/Alt%C3%B6l-und-Dummheit.pdf\"><em>Pressemeldung<\/em><\/a><\/li>\n<li><strong>29.10.2021<\/strong> <a href=\"http:\/\/www.oetternbach.de\/?page_id=24\">Artikel<\/a> der LZ &#8222;Wilder M\u00fcll bleibt ein Problem&#8220;. Das Aktionsb\u00fcndnis hat Strafanzeige gestellt, weil neben Speerm\u00fcll Schmier\u00f6le im NSG Oetternbach am Parkplatzt vom Jerxen-Orbker Friedhof gefunden wurden.<\/li>\n<li><strong>16.10.2021<\/strong> Anschreiben an B\u00fcrgermeister Hilker weitergeleitet an die Tagespresse:\u00a0Das Aktionsb\u00fcndnis: Sch\u00fctzt Menschen und Tiere im Detmolder Westen e.V., erhielt im April diesen Jahres die Genehmigung der <strong>Anerkennung nach \u00a7 3 Umwelt-Rechtsbehelfsgesetz<\/strong> (UmwRG) vom Ministerium f\u00fcr Umwelt, Landwirtschaft, Natur- und Verbraucherschutz NRW. Dar\u00fcber haben wir uns sehr gefreut und f\u00fchlen uns gewertsch\u00e4tzt in unseren Tun. PDF\u00a0<a href=\"http:\/\/www.oetternbach.de\/wp-content\/uploads\/2017\/08\/Hilker_Info-zur-Anerkennung-Umwelt-Rechtsbehelfsgesetz-.pdf\">Information zur Anerkennung Umwelt-Rechtsbehelfsgesetz<\/a><\/li>\n<li><strong>7.09.2021<\/strong> <a href=\"http:\/\/www.oetternbach.de\/?page_id=24\">Artikel\u00a0<\/a><span style=\"font-size: 1rem;\">der LZ<\/span><span style=\"font-size: 1rem;\">\u00a0<\/span><span style=\"font-size: 1rem;\">&#8222;Umweltschutz direkt vor der Haust\u00fcr&#8220; zum Jerxen-Obker Sonntagsmarkt.\u00a0<\/span><\/li>\n<li><strong>12.07.2021<\/strong> <a href=\"http:\/\/PM Volksinitiative Artenvielfalt\"><em>Pressemeldung<\/em> <\/a>zur &#8222;Volksinitiative Artenvielfalt in NRW&#8220; verschickt. Das Aktionsb\u00fcndnis hat mehrfach berichtet, die Aktion beworben und Unterschriften gesammelt. Wir freuen uns sehr \u00fcber den Erfolg!<\/li>\n<li><strong>6.05.2021<\/strong> <a href=\"http:\/\/www.oetternbach.de\/?page_id=349\"><em>Pressemeldung<\/em><\/a>: &#8222;Baum\u00fcll &#8211; Aktion der Stadt Detmold&#8220;.\u00a0<span style=\"font-size: 1rem;\">B\u00fcrgerengagement hilft und bringt die Stadt Detmold in Schwung.<\/span><\/li>\n<li><strong>13.04.2021<\/strong> Regionalplan OWL. Die Anzahl der Bev\u00f6lkerung in OWL\u00a0<span style=\"font-size: 1rem;\">sinkt<\/span><span style=\"font-size: 1rem;\">, dennoch sollen 12.000 Hektar neu versiegelt werden. Bei etwa 6.000 Hektar versiegelter Neufl\u00e4che sind erhebliche Umweltauswirkungen zu erwarten. Das Landesb\u00fcro f\u00fcr Naturschutzverb\u00e4nde NRW hat Einspruch eingelegt. LZ <a href=\"http:\/\/www.oetternbach.de\/?page_id=342\">Artikel<\/a><\/span><\/li>\n<li><strong>9.04.2021<\/strong> M\u00fcll am NSG Oetternbach. Die\u00a0<a href=\"http:\/\/www.oetternbach.de\/wp-content\/uploads\/2017\/08\/Wie-sieht-es-denn-hier-aus_M%C3%BCll_9.04.2021.pdf\"><em>Pressemeldung<\/em> <\/a>schlug Wellen. Alle regionalen Medien berichteten, &#8222;Radio Lippe&#8220; f\u00fchrte mit Helmut Kr\u00fcger ein Interview dazu. <a href=\"http:\/\/www.oetternbach.de\/?page_id=24\">Mehr<\/a><\/li>\n<li><strong>8.04.2021<\/strong> Der Heimatverein Jerxen-Orbke \u00fcbt Kritik am Regionalplan 0WL 2020. Er erhob\u00a0<span style=\"font-size: 1rem;\">Einspruch<\/span><span style=\"font-size: 1rem;\">\u00a0<\/span><span style=\"font-size: 1rem;\">\u00a0bei<\/span><span style=\"font-size: 1rem;\">\u00a0der Bezirksregierung Detmold gegen weitere Gewerbegebiete in Jerxen-Orbke. LZ\u00a0<a href=\"http:\/\/www.oetternbach.de\/?page_id=24\">Artikel<\/a><\/span><\/li>\n<li><strong>24.03.2021<\/strong> &#8222;Regionalplan OWL 2020 &#8211; Stellung beziehen&#8220; Unsere <a href=\"http:\/\/www.oetternbach.de\/?page_id=349\"><em>Pressemeldung<\/em>,<\/a> versandt an die regionale Presse. Bislang, einschlie\u00dflich 29.03.2021, erfolgte keine Ver\u00f6ffentlichung.<\/li>\n<li><strong>4.03.2021<\/strong> Regionalplan OWL\u00a0zur Sitzung des Ausschusses f\u00fcr Stadtentwicklung am 3.03.2021. <a href=\"http:\/\/www.oetternbach.de\/?page_id=349\"><em>Pressemeldung<\/em>.<\/a> Die Gr\u00fcnen beantragen Beratungsbedarf, weil die Ausschussmitglieder nicht informiert sind. Dem Antrag wird stattgegeben, der Tagesordnungspunkt nicht beschlossen. PM bislang nicht ver\u00f6ffentlicht.<\/li>\n<li><strong>24.02.2021<\/strong> LZ &#8222;<a href=\"http:\/\/www.oetternbach.de\/?page_id=24\">Der Kiebitz braucht W\u00e4hlerstimmen<\/a>&#8222;. Unsere <a href=\"http:\/\/PM 19.02.2021 Kiebitz unter den ersten Zehn\"><em>Pressemeldung<\/em><\/a> f\u00fchrte zu dem Artikel in der LZ.<\/li>\n<li><strong>16.02.2021<\/strong>\u00a0Bayern, SZ <a href=\"http:\/\/www.oetternbach.de\/?page_id=342\">&#8222;Weiden stimmt f\u00fcr Wald&#8220;<\/a> Die Stadt Weiden brachte am 14.02.2021 mit einem B\u00fcrgerentscheid ein 72 Hektar gro\u00dfes Gewerbegebiet zu Fall.<\/li>\n<\/ul>\n<p>**************************************************************************<\/p>\n<h2 style=\"text-align: center;\"><span style=\"color: #339966;\"><strong>Aktionsb\u00fcndnis Detmolder Westen: Darum geht es<\/strong><\/span><\/h2>\n<p><span style=\"color: #000000;\">Vor vierzig Jahren gab es weder Klimawandel, noch Insekten- und Artensterben (z.B. &#8222;Krefelder Studie&#8220;). Heute ist die Situation erschreckend anders.\u00a0Klimawandel, Arten- und Insektensterben ver\u00e4ndern die Welt. Deshalb will das Aktionsb\u00fcndnis die Ackerfl\u00e4chen und das <a href=\"https:\/\/www.flussgebiete.nrw.de\/system\/files\/atoms\/files\/4626_oetternbach_a00_gk_hw_b003.pdf\">NSG Oetternbach<\/a> erhalten und verzeichnet einem ersten <strong><span style=\"color: #99cc00;\">Erfolg<\/span><\/strong>: Das Oberverwaltungsgericht erkl\u00e4rt am 19.03.2018 den Bebauungsplan &#8222;Balbrede&#8220; f\u00fcr unwirksam. Weiteres B\u00fcrgerengagement ist notwendig.<br \/>\n<\/span><\/p>\n<div id=\"attachment_6\" style=\"width: 739px\" class=\"wp-caption alignnone\"><a href=\"http:\/\/www.oetternbach.de\/wp-content\/uploads\/2017\/08\/Peterskamp-Baustein-2.jpg\"><img aria-describedby=\"caption-attachment-6\" loading=\"lazy\" class=\"wp-image-6\" src=\"http:\/\/www.oetternbach.de\/wp-content\/uploads\/2017\/08\/Peterskamp-Baustein-2-1024x795.jpg\" alt=\"Geplantes Gewerbegebiet der Stadt Detmold (Peterskamp, Balbrede, Oetternbrede)\" width=\"729\" height=\"566\" srcset=\"http:\/\/www.oetternbach.de\/wp-content\/uploads\/2017\/08\/Peterskamp-Baustein-2-1024x795.jpg 1024w, http:\/\/www.oetternbach.de\/wp-content\/uploads\/2017\/08\/Peterskamp-Baustein-2-300x233.jpg 300w, http:\/\/www.oetternbach.de\/wp-content\/uploads\/2017\/08\/Peterskamp-Baustein-2-768x596.jpg 768w, http:\/\/www.oetternbach.de\/wp-content\/uploads\/2017\/08\/Peterskamp-Baustein-2-624x484.jpg 624w, http:\/\/www.oetternbach.de\/wp-content\/uploads\/2017\/08\/Peterskamp-Baustein-2.jpg 1224w\" sizes=\"(max-width: 729px) 100vw, 729px\" \/><\/a><p id=\"caption-attachment-6\" class=\"wp-caption-text\">Geplantes Gewerbegebiet der Stadt Detmold (Peterskamp, Balbrede, Oetternbrede)<\/p><\/div>\n<p><span style=\"color: #000000;\">Vor vierzig Jahren kaufte die Stadt Detmold zwei Grundst\u00fccke (&#8222;Peterskamp&#8220; und &#8222;Balbrede&#8220;) f\u00fcr Gewerbefl\u00e4chen, direkt am &#8222;Naturschutzgebiet (NSG) Oetternbach&#8220; (Foto). Eine dritte Ackerfl\u00e4che (&#8222;Oetternbrede&#8220;, im Privatbesitz), soll hinzukommen. Die Ackerfl\u00e4chen liegen gegen\u00fcber vom &#8222;Orbker Krug&#8220; (Syrtaki), Lagesche Stra\u00dfe 258 (<a href=\"http:\/\/geo.kreislippe.de\/kartenanzeige.html\">geo.kreislippe.de\/kartenanzeige<\/a>). Der Detmolder Anteil des NSG Oetternbach (<a href=\"https:\/\/www.google.de\/maps\/place\/Lagesche+Str.+258,+32758+Detmold\/@51.9606295,8.8489147,718m\/data=!3m1!1e3!4m5!3m4!1s0x47ba4391465868e7:0xbe64ee5edb8e84ca!8m2!3d51.9589403!4d8.8486465\">Google Maps<\/a>) mit seinen Ausl\u00e4ufern in die Feldflure &#8222;Peterskamp&#8220; und &#8222;Balbrede&#8220; hat die <strong>Kennung <a href=\"http:\/\/nsg.naturschutzinformationen.nrw.de\/nsg\/de\/fachinfo\/gebiete\/gesamt\/LIP_087\">LIP-087<\/a><\/strong> (Infos und Karte von LANUV) und umfasst <strong>108,32 Hektar<\/strong>. Eine Fl\u00e4che von mehr als 25 Fu\u00dfballfeldern soll versiegelt und damit unwiederbringlich zerst\u00f6rt werden. <\/span><\/p>\n<p><span style=\"color: #000000;\">Aufgrund von wissenschaftlichen Ergebnisse muss die Stadt Detmold von ihren veralteten Pl\u00e4nen abr\u00fccken und die Natur erhalten. Auch in Detmold und Lippe sind die negativen Auswirkungen des Klimawandels und das Artensterben sichtbar (<a href=\"http:\/\/www.oetternbach.de\/?page_id=794\">Klimawandel OWL<\/a>). Die Stadtverwaltung st\u00fctzt ihre Pl\u00e4ne immer noch auf ein Klimagutachten aus dem Jahr 1999, veraltet, wie die B\u00fcrger zu Recht kritisieren. Die B\u00fcrger glauben den aktuellen Fakten der Wissenschaftler. Weitere Gewerbefl\u00e4chen in der Region w\u00fcrden zudem die Gesundheit der Anwohner gef\u00e4hrden, aufgrund von Emissionen (L\u00e4rm, Lichtverschmutzung), die u.a. auch zu Klimasch\u00e4den f\u00fchren. Deshalb setzt sich das Aktionsb\u00fcndnis der Detmolder West-D\u00f6rfer seit Jahren f\u00fcr den Erhalt von Ackerb\u00f6den, Wiesen, Artenvielfalt und des &#8222;NSG Oetternbach&#8220; ein. <\/span><\/p>\n<p><span style=\"color: #000000;\">Das Landesamt f\u00fcr Natur, Umwelt und Verbraucherschutz NRW (\u00a9LANUV) hat die <strong>Vogelarten<\/strong> untersucht. Zu den Bewohnern der Fl\u00e4chen geh\u00f6ren u.a. V\u00f6gel des Jahres: 2018: Der Star; 2019: Die Feldlerche; 2024: Der Kiebitz (s. u.). Am Oetternbach leben der Eisvogel, der Wei\u00df- und Schwarzstorch (seit 2023\/24) und sogar der sehr seltene und scheue Wachtelk\u00f6nig. <a href=\"http:\/\/oetternbach.de\/wp-content\/uploads\/2018\/04\/Vogelarten.pdf\">Liste der V\u00f6gel\u00a0<\/a><\/span><\/p>\n<p>Die\u00a0<span style=\"color: #000000;\">DAWN CHORUS Studie 2020 beinhaltet am Oetternbach aufgenommene <a href=\"http:\/\/www.oetternbach.de\/?page_id=571\">Vogelstimmen<\/a>.<\/span><\/p>\n<h4 style=\"text-align: center;\"><span style=\"color: #000000;\">Sollen diese Tiere weichen oder gar sterben? Sollen die Menschen Schaden nehmen? Handeln ist gefordert!<\/span><\/h4>\n<p><span style=\"color: #000000;\">Unter Schutz stehende Tierarten im geplanten Gewerbegebiet &#8222;Balbrede&#8220; und im Randbereich <\/span>n<span style=\"color: #000000;\">ach der <strong>Artenschutzpr\u00fcfung<\/strong> (ASP) f\u00fcr den B-Plan 23-06\/I &#8222;Balbrede I&#8220; Oktober <strong>2013<\/strong>, Kartierungsb\u00fcro \u201eforna\u201c, Dirk Grote, Detmold. Auftraggeber: Stadt Detmold. Die \u00dcbersicht auf der Karte und die Anzahl der Gesamt-Exemplare wurden zusammengestellt auf der Grundlage der genannten ASP vom 24.07.2017.<\/span><\/p>\n<p><strong><span style=\"color: #000000;\">Gesch\u00fctzte Vogelarten im Randbereich und Insektenvielfalt<\/span><\/strong><br \/>\n<span style=\"color: #000000;\">\u2022 <strong>Kiebitz<\/strong> (eines der letzten Kiebitzgebiete in Detmold, s. Artenschutzpr\u00fcfung Punkt 8.1)<\/span><br \/>\n<span style=\"color: #000000;\">\u2022 <strong>Steinkauz<\/strong> (einzige in Lippe dokumentierte Brut, s. Artenschutzpr\u00fcfung Punkt 8.1)<\/span><br \/>\n<span style=\"color: #000000;\">\u2022 <strong>76 Schmetterlingsarten<\/strong> davon der &#8222;Z\u00fcnsler&#8220; gilt in NRW als ausgestorben bzw. verschollen <\/span><span style=\"color: #000000;\">(s. Artenschutzpr\u00fcfung Punkt 7.3)<\/span><\/p>\n<p><span style=\"color: #000000;\"><strong>Gesch\u00fctzte Vogelarten im Plan- u. Randgebiet<\/strong> <\/span><\/p>\n<ul>\n<li><span style=\"color: #000000;\"><strong><span style=\"color: #008000;\">A<\/span>\u00a0 Feldlerche<\/strong> GESAMT: rund 150 Exemplare (Ex.). davon Brutv\u00f6gel innerhalb der Planfl\u00e4che: 2 Paare; Zug- und Rastv\u00f6gel in der Planfl\u00e4che: ca. 45 Ex.: Zug- u. Rastv\u00f6gel im Randbereich 100 Ex.<\/span><\/li>\n<li><span style=\"color: #000000;\"><strong><span style=\"color: #008000;\">B<\/span>\u00a0 Schafstelze<\/strong> GESAMT 4 Ex. davon Brutv\u00f6gel in der Planfl\u00e4che: 2 Paare<\/span><\/li>\n<li><span style=\"color: #000000;\"><span style=\"color: #008000;\"><strong>C<\/strong><\/span>\u00a0 <strong>Wachtel<\/strong> GESAMT 2 EX. davon Brutv\u00f6gel in der Planfl\u00e4che: 1 Paar<\/span><\/li>\n<li><span style=\"color: #000000;\"><span style=\"color: #008000;\"><strong>D<\/strong><\/span>\u00a0 <strong>Goldammer<\/strong> GESAMT: 68 Ex. davon Brutv\u00f6gel in der Planfl\u00e4che: 2 Paare; Brutv\u00f6gel im<\/span><span style=\"color: #000000;\">\u00a0\u00a0 Randbereich: 2 Paare; Zug- und Rastv\u00f6gel in der Planfl\u00e4che: 20 Ex.; Zug- u. Rastv\u00f6gel im Randbereich: 40 Ex.<\/span><\/li>\n<li><span style=\"color: #000000;\"><strong>Kiebitz<\/strong> GESAMT: 20 Ex. davon Brutv\u00f6gel im Randbereich: 2 Paare, Zug- u. Rastv\u00f6gel in der Planfl\u00e4che 16 Ex.<\/span><\/li>\n<li><span style=\"color: #000000;\"><strong>Star<\/strong> GESAMT: 6 Ex. davon Brutv\u00f6gel im Randbereich: 3 Paare (100te von Staren sind in dem Film \u00fcber das NSG Oetternbach zu sehen, Aufnahmen stammen aus dem Aug. 2018)<\/span><\/li>\n<li><span style=\"color: #000000;\"><strong>Greifv\u00f6gel<\/strong>: Rot- und Schwarzmilan, Baumfalke, Steinkauz, M\u00e4usebussard, Turmfalke (Jagdreviere: Peterskamp, Balbrede, Oetternbrede)<\/span><\/li>\n<\/ul>\n<p><strong><span style=\"color: #000000;\">Fluglinien der gesch\u00fctzten Fledermausarten im Plangebiet<\/span><\/strong><\/p>\n<ul>\n<li><strong><span style=\"color: #008000;\">1<\/span><\/strong><span style=\"color: #000000;\">\u00a0 <strong>Abendsegler<\/strong> (blaue Line) \u00a0 \u00a0 \u00a0 \u00a0 \u00a0 \u00a0 \u00a0 <strong><span style=\"color: #008000;\">2<\/span><\/strong>\u00a0 <strong>M\u00fcckenflederm\u00e4use<\/strong> (__ __)<\/span><\/li>\n<li><span style=\"color: #000000;\"><strong><span style=\"color: #008000;\">3<\/span><\/strong>\u00a0 <strong>Fransenflederm\u00e4use<\/strong> (&#8230;.) \u00a0 \u00a0 \u00a0 \u00a0 \u00a0 \u00a0\u00a0 <strong><span style=\"color: #008000;\">4<\/span>\u00a0 Zwergflederm\u00e4use<\/strong> (&#8212;&#8211;)<\/span><\/li>\n<li><span style=\"color: #000000;\"><strong><span style=\"color: #008000;\">5<\/span><\/strong>\u00a0 <strong>Bartflederm\u00e4use<\/strong> (XXX) \u00a0 \u00a0 \u00a0 \u00a0 \u00a0 \u00a0 <strong><span style=\"color: #008000;\">\u00a0 \u00a0 \u00a0 6<\/span><\/strong>\u00a0 <strong>Wasserfelderm\u00e4use<\/strong> (K\u00e4stchen)<\/span><\/li>\n<\/ul>\n","protected":false},"excerpt":{"rendered":"<p>Petition zum Schutz des NSG Oetternbach bitte unterschreiben! Aktueller Stand der Unterschriften am 26.01.2024\u00a01.599 Link zur Petition, bitte Kopieren u. Weiterleiten:\u00a0http:\/\/chng.it\/w9QvzPsswX Aktuell\u00a0 28. September 2024 Kinder-Sponsorenlauf Die Oetternbach-Grundschule veranstaltet am Samstag einen Sponsorenlauf der Kinder. Das Aktionsb\u00fcndnis ist unterst\u00fctzend dabei. Die Kinder laufen f\u00fcr \u201eihre\u201c Schule und werden pro Runde gesponsert \u2013 von Eltern, Verwandte, [&hellip;]<\/p>\n","protected":false},"author":1,"featured_media":6,"comment_status":"open","ping_status":"open","sticky":false,"template":"","format":"image","meta":[],"categories":[1],"tags":[],"_links":{"self":[{"href":"http:\/\/www.oetternbach.de\/index.php?rest_route=\/wp\/v2\/posts\/4"}],"collection":[{"href":"http:\/\/www.oetternbach.de\/index.php?rest_route=\/wp\/v2\/posts"}],"about":[{"href":"http:\/\/www.oetternbach.de\/index.php?rest_route=\/wp\/v2\/types\/post"}],"author":[{"embeddable":true,"href":"http:\/\/www.oetternbach.de\/index.php?rest_route=\/wp\/v2\/users\/1"}],"replies":[{"embeddable":true,"href":"http:\/\/www.oetternbach.de\/index.php?rest_route=%2Fwp%2Fv2%2Fcomments&post=4"}],"version-history":[{"count":513,"href":"http:\/\/www.oetternbach.de\/index.php?rest_route=\/wp\/v2\/posts\/4\/revisions"}],"predecessor-version":[{"id":2376,"href":"http:\/\/www.oetternbach.de\/index.php?rest_route=\/wp\/v2\/posts\/4\/revisions\/2376"}],"wp:featuredmedia":[{"embeddable":true,"href":"http:\/\/www.oetternbach.de\/index.php?rest_route=\/wp\/v2\/media\/6"}],"wp:attachment":[{"href":"http:\/\/www.oetternbach.de\/index.php?rest_route=%2Fwp%2Fv2%2Fmedia&parent=4"}],"wp:term":[{"taxonomy":"category","embeddable":true,"href":"http:\/\/www.oetternbach.de\/index.php?rest_route=%2Fwp%2Fv2%2Fcategories&post=4"},{"taxonomy":"post_tag","embeddable":true,"href":"http:\/\/www.oetternbach.de\/index.php?rest_route=%2Fwp%2Fv2%2Ftags&post=4"}],"curies":[{"name":"wp","href":"https:\/\/api.w.org\/{rel}","templated":true}]}}